{"id":1057,"date":"2026-08-25T19:13:52","date_gmt":"2026-08-25T22:13:52","guid":{"rendered":"https:\/\/www.acelen.com.br\/2022\/?p=1057"},"modified":"2026-08-25T19:13:52","modified_gmt":"2026-08-25T22:13:52","slug":"acelen-amplia-investimentos-no-entorno-da-refinaria-de-mataripe","status":"publish","type":"post","link":"https:\/\/www.acelen.com.br\/2022\/novidades\/2026\/08\/25\/acelen-amplia-investimentos-no-entorno-da-refinaria-de-mataripe\/","title":{"rendered":"Acelen amplia investimentos no entorno da Refinaria de Mataripe"},"content":{"rendered":"<p><em>Mais R$ 2,6 milh\u00f5es em sete novos projetos sociais foram anunciados no evento dos tr\u00eas anos do Acelen Acender, em Candeias<\/em><\/p>\n<p>A Acelen comemora o desenvolvimento socioecon\u00f4mico do entorno da Refinaria de Mataripe e anuncia amplia\u00e7\u00e3o do investimento em projetos sociais. O an\u00fancio de mais R$ 2,678 milh\u00f5es, neste segundo semestre, nas comunidades de Candeias, Madre de Deus, S\u00e3o Francisco do Conde e Ilha de Mar\u00e9, foi feito ontem (25), na celebra\u00e7\u00e3o de tr\u00eas anos do Acelen Acender, equipamento social mantido pela Acelen, em Candeias. A iniciativa, criada em agosto de 2023, j\u00e1 beneficiou diretamente 768 pessoas e recebeu mais de R$ 7 milh\u00f5es em investimentos em a\u00e7\u00f5es de forma\u00e7\u00e3o, inclus\u00e3o socioprodutiva e fortalecimento.<\/p>\n<p><img loading=\"lazy\" decoding=\"async\" class=\"aligncenter size-large wp-image-1064\" src=\"https:\/\/www.acelen.com.br\/2022\/wp-content\/uploads\/2026\/08\/WhatsApp-Image-2026-08-25-at-17.56.23-1024x682.jpeg\" alt=\"\" width=\"1024\" height=\"682\" srcset=\"https:\/\/www.acelen.com.br\/2022\/wp-content\/uploads\/2026\/08\/WhatsApp-Image-2026-08-25-at-17.56.23-1024x682.jpeg 1024w, https:\/\/www.acelen.com.br\/2022\/wp-content\/uploads\/2026\/08\/WhatsApp-Image-2026-08-25-at-17.56.23-300x200.jpeg 300w, https:\/\/www.acelen.com.br\/2022\/wp-content\/uploads\/2026\/08\/WhatsApp-Image-2026-08-25-at-17.56.23-768x512.jpeg 768w, https:\/\/www.acelen.com.br\/2022\/wp-content\/uploads\/2026\/08\/WhatsApp-Image-2026-08-25-at-17.56.23-1536x1023.jpeg 1536w, https:\/\/www.acelen.com.br\/2022\/wp-content\/uploads\/2026\/08\/WhatsApp-Image-2026-08-25-at-17.56.23.jpeg 1600w\" sizes=\"auto, (max-width: 1024px) 100vw, 1024px\" \/><\/p>\n<p>Al\u00e9m de continuar investindo no Acelen Acender, a empresa vai apoiar os projetos M\u00e3es que Produzem, uma capacita\u00e7\u00e3o em panifica\u00e7\u00e3o artesanal, em Catu; Projeto Renascer, do Instituto Encandear, em Candeias; Cozinha Solid\u00e1ria, em S\u00e3o Francisco do Conde; Dan\u00e7a Afro Quilombola de Pass\u00e9; Fundo dos Direitos da Crian\u00e7a e do Adolescente de Madre de Deus; Nata\u00e7\u00e3o para Todos, em Ilha de Mar\u00e9, e Memorial Mar\u00e9 Ancestral, em Bananeiras.<\/p>\n<p><img loading=\"lazy\" decoding=\"async\" class=\"aligncenter size-large wp-image-1063\" src=\"https:\/\/www.acelen.com.br\/2022\/wp-content\/uploads\/2026\/08\/WhatsApp-Image-2026-08-25-at-17.56.23-1-1024x682.jpeg\" alt=\"\" width=\"1024\" height=\"682\" srcset=\"https:\/\/www.acelen.com.br\/2022\/wp-content\/uploads\/2026\/08\/WhatsApp-Image-2026-08-25-at-17.56.23-1-1024x682.jpeg 1024w, https:\/\/www.acelen.com.br\/2022\/wp-content\/uploads\/2026\/08\/WhatsApp-Image-2026-08-25-at-17.56.23-1-300x200.jpeg 300w, https:\/\/www.acelen.com.br\/2022\/wp-content\/uploads\/2026\/08\/WhatsApp-Image-2026-08-25-at-17.56.23-1-768x512.jpeg 768w, https:\/\/www.acelen.com.br\/2022\/wp-content\/uploads\/2026\/08\/WhatsApp-Image-2026-08-25-at-17.56.23-1-1536x1023.jpeg 1536w, https:\/\/www.acelen.com.br\/2022\/wp-content\/uploads\/2026\/08\/WhatsApp-Image-2026-08-25-at-17.56.23-1.jpeg 1600w\" sizes=\"auto, (max-width: 1024px) 100vw, 1024px\" \/><\/p>\n<p>\u201cEstamos entrando em uma nova etapa da nossa hist\u00f3ria na Bahia, com a constru\u00e7\u00e3o da biorrefinaria, e queremos que esse novo momento seja acompanhado pela continuidade do di\u00e1logo e da parceria que constru\u00edmos com as comunidades ao longo dos \u00faltimos tr\u00eas anos. Para n\u00f3s, investir n\u00e3o significa olhar apenas para dentro dos nossos port\u00f5es, mas tamb\u00e9m para as pessoas e para os territ\u00f3rios. Os novos investimentos sociais refor\u00e7am esse compromisso e ampliam as oportunidades de desenvolvimento, fortalecendo iniciativas que j\u00e1 fazem diferen\u00e7a na vida das comunidades do entorno da Refinaria de Mataripe. Queremos avan\u00e7ar para esse novo cap\u00edtulo preservando aquilo que constru\u00edmos juntos, a confian\u00e7a, a escuta e a responsabilidade com as pessoas e a regi\u00e3o\u201d, afirmou Luiz de Mendon\u00e7a, CEO da Acelen.<\/p>\n<p><img loading=\"lazy\" decoding=\"async\" class=\"aligncenter size-large wp-image-1066\" src=\"https:\/\/www.acelen.com.br\/2022\/wp-content\/uploads\/2026\/08\/WhatsApp-Image-2026-08-25-at-17.56.22-1024x682.jpeg\" alt=\"\" width=\"1024\" height=\"682\" srcset=\"https:\/\/www.acelen.com.br\/2022\/wp-content\/uploads\/2026\/08\/WhatsApp-Image-2026-08-25-at-17.56.22-1024x682.jpeg 1024w, https:\/\/www.acelen.com.br\/2022\/wp-content\/uploads\/2026\/08\/WhatsApp-Image-2026-08-25-at-17.56.22-300x200.jpeg 300w, https:\/\/www.acelen.com.br\/2022\/wp-content\/uploads\/2026\/08\/WhatsApp-Image-2026-08-25-at-17.56.22-768x512.jpeg 768w, https:\/\/www.acelen.com.br\/2022\/wp-content\/uploads\/2026\/08\/WhatsApp-Image-2026-08-25-at-17.56.22-1536x1023.jpeg 1536w, https:\/\/www.acelen.com.br\/2022\/wp-content\/uploads\/2026\/08\/WhatsApp-Image-2026-08-25-at-17.56.22.jpeg 1600w\" sizes=\"auto, (max-width: 1024px) 100vw, 1024px\" \/><\/p>\n<p>O evento reuniu os vice-presidentes Marcelo Lyra, Jo\u00e3o Raful e Celso Ferreira, al\u00e9m do o CEO da companhia, Luiz de Mendon\u00e7a, representantes dos Conselhos Comunit\u00e1rios Consultivos e participantes dos programas desenvolvidos no espa\u00e7o.<\/p>\n<p><img loading=\"lazy\" decoding=\"async\" class=\"aligncenter size-large wp-image-1069\" src=\"https:\/\/www.acelen.com.br\/2022\/wp-content\/uploads\/2026\/08\/WhatsApp-Image-2026-08-25-at-17.56.24-1-1024x682.jpeg\" alt=\"\" width=\"1024\" height=\"682\" srcset=\"https:\/\/www.acelen.com.br\/2022\/wp-content\/uploads\/2026\/08\/WhatsApp-Image-2026-08-25-at-17.56.24-1-1024x682.jpeg 1024w, https:\/\/www.acelen.com.br\/2022\/wp-content\/uploads\/2026\/08\/WhatsApp-Image-2026-08-25-at-17.56.24-1-300x200.jpeg 300w, https:\/\/www.acelen.com.br\/2022\/wp-content\/uploads\/2026\/08\/WhatsApp-Image-2026-08-25-at-17.56.24-1-768x512.jpeg 768w, https:\/\/www.acelen.com.br\/2022\/wp-content\/uploads\/2026\/08\/WhatsApp-Image-2026-08-25-at-17.56.24-1-1536x1023.jpeg 1536w, https:\/\/www.acelen.com.br\/2022\/wp-content\/uploads\/2026\/08\/WhatsApp-Image-2026-08-25-at-17.56.24-1.jpeg 1600w\" sizes=\"auto, (max-width: 1024px) 100vw, 1024px\" \/><\/p>\n<p><strong><br \/>\nComunidades confirmam relev\u00e2ncia do Acelen Acender<\/p>\n<p><\/strong><\/p>\n<p>A percep\u00e7\u00e3o das comunidades tamb\u00e9m evidencia a relev\u00e2ncia do Acelen Acender. Pesquisa realizada em 2025 com 51 representantes dos Conselhos Comunit\u00e1rios Consultivos apontou que 96% consideram o Acelen Acender importante ou muito importante para as comunidades, enquanto 90% aprovam o relacionamento da Acelen com os territ\u00f3rios onde est\u00e1 presente. Para a companhia, os resultados refor\u00e7am a import\u00e2ncia de manter uma atua\u00e7\u00e3o baseada em escuta, di\u00e1logo e constru\u00e7\u00e3o conjunta, conectando investimento social, desenvolvimento de pessoas e fortalecimento das capacidades locais.<\/p>\n<p><img loading=\"lazy\" decoding=\"async\" class=\"aligncenter size-large wp-image-1065\" src=\"https:\/\/www.acelen.com.br\/2022\/wp-content\/uploads\/2026\/08\/WhatsApp-Image-2026-08-25-at-17.56.22-1-1024x682.jpeg\" alt=\"\" width=\"1024\" height=\"682\" srcset=\"https:\/\/www.acelen.com.br\/2022\/wp-content\/uploads\/2026\/08\/WhatsApp-Image-2026-08-25-at-17.56.22-1-1024x682.jpeg 1024w, https:\/\/www.acelen.com.br\/2022\/wp-content\/uploads\/2026\/08\/WhatsApp-Image-2026-08-25-at-17.56.22-1-300x200.jpeg 300w, https:\/\/www.acelen.com.br\/2022\/wp-content\/uploads\/2026\/08\/WhatsApp-Image-2026-08-25-at-17.56.22-1-768x512.jpeg 768w, https:\/\/www.acelen.com.br\/2022\/wp-content\/uploads\/2026\/08\/WhatsApp-Image-2026-08-25-at-17.56.22-1-1536x1023.jpeg 1536w, https:\/\/www.acelen.com.br\/2022\/wp-content\/uploads\/2026\/08\/WhatsApp-Image-2026-08-25-at-17.56.22-1.jpeg 1600w\" sizes=\"auto, (max-width: 1024px) 100vw, 1024px\" \/><\/p>\n<p>Ao longo dos tr\u00eas anos do Acelen Acender, foram realizadas mais de 2,1 mil horas de aulas e atividades voltadas \u00e0 qualifica\u00e7\u00e3o profissional, ao desenvolvimento de organiza\u00e7\u00f5es da sociedade civil, ao empreendedorismo e \u00e0 prepara\u00e7\u00e3o de jovens para o mundo do trabalho. Atualmente mantido integralmente pela Acelen, o Acelen Acender nasceu em parceria com a Funda\u00e7\u00e3o Banco do Brasil e a AVSI Brasil e se consolidou como uma das principais frentes de atua\u00e7\u00e3o social da companhia nos munic\u00edpios do entorno da refinaria.<\/p>\n<p><img loading=\"lazy\" decoding=\"async\" class=\"aligncenter size-large wp-image-1067\" src=\"https:\/\/www.acelen.com.br\/2022\/wp-content\/uploads\/2026\/08\/WhatsApp-Image-2026-08-25-at-17.56.25-1024x682.jpeg\" alt=\"\" width=\"1024\" height=\"682\" srcset=\"https:\/\/www.acelen.com.br\/2022\/wp-content\/uploads\/2026\/08\/WhatsApp-Image-2026-08-25-at-17.56.25-1024x682.jpeg 1024w, https:\/\/www.acelen.com.br\/2022\/wp-content\/uploads\/2026\/08\/WhatsApp-Image-2026-08-25-at-17.56.25-300x200.jpeg 300w, https:\/\/www.acelen.com.br\/2022\/wp-content\/uploads\/2026\/08\/WhatsApp-Image-2026-08-25-at-17.56.25-768x512.jpeg 768w, https:\/\/www.acelen.com.br\/2022\/wp-content\/uploads\/2026\/08\/WhatsApp-Image-2026-08-25-at-17.56.25-1536x1023.jpeg 1536w, https:\/\/www.acelen.com.br\/2022\/wp-content\/uploads\/2026\/08\/WhatsApp-Image-2026-08-25-at-17.56.25.jpeg 1600w\" sizes=\"auto, (max-width: 1024px) 100vw, 1024px\" \/><\/p>\n<p>O Acelen Acender re\u00fane programas como Jornada Jovem Acelen e Jovens Conectados, que preparam jovens para o mundo do trabalho; o Acelera OSC, voltado ao fortalecimento de organiza\u00e7\u00f5es sociais locais com capacita\u00e7\u00e3o, mentoria, assist\u00eancia t\u00e9cnica e apoio ao desenvolvimento de projetos, incluindo iniciativas como Acelera Pesca e Mentoria Acelen Incentiva; e o Rede de Valor, que fomenta o empreendedorismo local e o voluntariado corporativo.<\/p>\n<p><img loading=\"lazy\" decoding=\"async\" class=\"aligncenter size-large wp-image-1062\" src=\"https:\/\/www.acelen.com.br\/2022\/wp-content\/uploads\/2026\/08\/WhatsApp-Image-2026-08-25-at-17.56.24-1024x682.jpeg\" alt=\"\" width=\"1024\" height=\"682\" srcset=\"https:\/\/www.acelen.com.br\/2022\/wp-content\/uploads\/2026\/08\/WhatsApp-Image-2026-08-25-at-17.56.24-1024x682.jpeg 1024w, https:\/\/www.acelen.com.br\/2022\/wp-content\/uploads\/2026\/08\/WhatsApp-Image-2026-08-25-at-17.56.24-300x200.jpeg 300w, https:\/\/www.acelen.com.br\/2022\/wp-content\/uploads\/2026\/08\/WhatsApp-Image-2026-08-25-at-17.56.24-768x512.jpeg 768w, https:\/\/www.acelen.com.br\/2022\/wp-content\/uploads\/2026\/08\/WhatsApp-Image-2026-08-25-at-17.56.24-1536x1023.jpeg 1536w, https:\/\/www.acelen.com.br\/2022\/wp-content\/uploads\/2026\/08\/WhatsApp-Image-2026-08-25-at-17.56.24.jpeg 1600w\" sizes=\"auto, (max-width: 1024px) 100vw, 1024px\" \/><\/p>\n","protected":false},"excerpt":{"rendered":"<p>Mais R$ 2,6 milh\u00f5es em sete novos projetos sociais foram anunciados no evento dos [&hellip;]<\/p>\n","protected":false},"author":5,"featured_media":1058,"comment_status":"closed","ping_status":"open","sticky":false,"template":"","format":"standard","meta":{"inline_featured_image":false,"footnotes":""},"categories":[18],"tags":[],"class_list":["post-1057","post","type-post","status-publish","format-standard","has-post-thumbnail","hentry","category-novidades"],"_links":{"self":[{"href":"https:\/\/www.acelen.com.br\/2022\/wp-json\/wp\/v2\/posts\/1057","targetHints":{"allow":["GET"]}}],"collection":[{"href":"https:\/\/www.acelen.com.br\/2022\/wp-json\/wp\/v2\/posts"}],"about":[{"href":"https:\/\/www.acelen.com.br\/2022\/wp-json\/wp\/v2\/types\/post"}],"author":[{"embeddable":true,"href":"https:\/\/www.acelen.com.br\/2022\/wp-json\/wp\/v2\/users\/5"}],"replies":[{"embeddable":true,"href":"https:\/\/www.acelen.com.br\/2022\/wp-json\/wp\/v2\/comments?post=1057"}],"version-history":[{"count":4,"href":"https:\/\/www.acelen.com.br\/2022\/wp-json\/wp\/v2\/posts\/1057\/revisions"}],"predecessor-version":[{"id":1070,"href":"https:\/\/www.acelen.com.br\/2022\/wp-json\/wp\/v2\/posts\/1057\/revisions\/1070"}],"wp:featuredmedia":[{"embeddable":true,"href":"https:\/\/www.acelen.com.br\/2022\/wp-json\/wp\/v2\/media\/1058"}],"wp:attachment":[{"href":"https:\/\/www.acelen.com.br\/2022\/wp-json\/wp\/v2\/media?parent=1057"}],"wp:term":[{"taxonomy":"category","embeddable":true,"href":"https:\/\/www.acelen.com.br\/2022\/wp-json\/wp\/v2\/categories?post=1057"},{"taxonomy":"post_tag","embeddable":true,"href":"https:\/\/www.acelen.com.br\/2022\/wp-json\/wp\/v2\/tags?post=1057"}],"curies":[{"name":"wp","href":"https:\/\/api.w.org\/{rel}","templated":true}]}}