{"id":1029,"date":"2026-08-19T23:42:26","date_gmt":"2026-08-20T02:42:26","guid":{"rendered":"https:\/\/www.acelen.com.br\/2022\/?p=1029"},"modified":"2026-08-20T17:10:05","modified_gmt":"2026-08-20T20:10:05","slug":"uma-historia-feita-de-avancos-reais","status":"publish","type":"post","link":"https:\/\/www.acelen.com.br\/2022\/paginas\/2026\/08\/19\/uma-historia-feita-de-avancos-reais\/","title":{"rendered":"Uma hist\u00f3ria feita de avan\u00e7os reais"},"content":{"rendered":"<h3 class=\"text-primary fw-light mb-3\">H\u00e1 3 anos, o Acelen Acender vem construindo uma hist\u00f3ria de avan\u00e7os junto com as comunidades vizinhas da Refinaria de Mataripe.<\/h3>\n<p>A Refinaria de Mataripe \u00e9 a \u00fanica do Brasil que possui um equipamento social privado voltado \u00e0 forma\u00e7\u00e3o, inclus\u00e3o socioprodutiva e fortalecimento das comunidades do entorno, o Acelen Acender. Em 3 anos, o projeto j\u00e1 soma mais de 2 mil e 100 horas de aula e 768 alunos formados, beneficiando moradores de S\u00e3o Francisco do Conde, Candeias, Madre de Deus e ilhas de Salvador, atrav\u00e9s de programas como o Jornada Jovem Acelen, o Acelera OSC e o Rede de Valor.<\/p>\n<p>Mas o maior resultado do Acelen Acender vai al\u00e9m dos n\u00fameros. Est\u00e1 nas hist\u00f3rias de quem descobriu novos caminhos, desenvolveu seu potencial e encontrou oportunidades para transformar o pr\u00f3prio futuro. Conhe\u00e7a os avan\u00e7os reais que o Acelen Acender j\u00e1 promoveu na vida das pessoas.<\/p>\n<p>&nbsp;<\/p>\n<div class=\"card shadow mt-4\">\n<div class=\"card-body d-lg-flex gap-3\">\n<div class=\"mb-4 mb-lg-0\"><img decoding=\"async\" class=\"img-fluid\" style=\"width: 500px;\" src=\"https:\/\/www.acelen.com.br\/img\/paginas\/avancos-05.jpg\" alt=\"Adriel\" \/><\/div>\n<div class=\"w-100\">\n<h4 class=\"border-bottom text-primary pb-4 mb-4\">A Jornada de Autodescoberta de Adriel<\/h4>\n<p>O Acelen Acender chegou na vida de Adriel em um momento crucial. Rec\u00e9m-formado e apreensivo com quest\u00f5es pessoais, ele descobriu o projeto atrav\u00e9s de um link compartilhado em um grupo de WhatsApp. Ao procurar por mais informa\u00e7\u00f5es, ele foi apresentado ao Programa Jornada Jovem, e viu nele a oportunidade que procurava para desenvolver seus conhecimentos e iniciar com sucesso a sua trajet\u00f3ria profissional.<\/p>\n<p>De acordo com o jovem, o maior impacto do Acelen Acender em sua vida foi a participa\u00e7\u00e3o no \u201cProjeto de Vida\u201d, que o levou a se aprofundar em pr\u00e1ticas de autoconhecimento e autodiagn\u00f3stico, permitindo que ele desenvolvesse autoconfian\u00e7a e seguran\u00e7a no seu trabalho.<\/p>\n<p>Durante esse processo, ele teve uma grande revela\u00e7\u00e3o: caracter\u00edsticas pr\u00f3prias que ele via como defeitos eram, na verdade, qualidades que ele n\u00e3o estava enxergando da forma correta. Gra\u00e7as ao projeto, Adriel aprendeu uma li\u00e7\u00e3o valiosa sobre confian\u00e7a: reconhecer que \u00e9 bom em algo n\u00e3o significa falta de humildade ou desejo de esnobar outras pessoas. \u00c9 saber reconhecer as suas qualidades e o seu valor.<\/p>\n<\/div>\n<\/div>\n<\/div>\n<div class=\"card shadow mt-4\">\n<div class=\"card-body d-lg-flex gap-3\">\n<div class=\"mb-4 mb-lg-0\"><img decoding=\"async\" class=\"img-fluid\" style=\"width: 500px;\" src=\"https:\/\/www.acelen.com.br\/img\/paginas\/avancos-01.jpg\" alt=\"Ta\u00edsla\" \/><\/div>\n<div class=\"w-100\">\n<h4 class=\"border-bottom text-primary pb-4 mb-4\">A oportunidade que mudou a trajet\u00f3ria de Ta\u00edsla<\/h4>\n<p>Ta\u00edsla sonhava com a chance de entrar no mercado de trabalho como jovem aprendiz. Foi nessa busca que ela e a m\u00e3e descobriram o Programa Jovens Conectados, do Acelen Acender. Ela n\u00e3o pensou duas vezes: abra\u00e7ou a oportunidade e conquistou uma vaga no curso, que deu a ela a chance de adquirir conhecimentos avan\u00e7ados em inform\u00e1tica e se desenvolver. Para ela, um dos pontos mais importantes do programa est\u00e1 no apoio dado aos alunos no custeio do transporte, alimenta\u00e7\u00e3o, fardamento e material did\u00e1tico. Ta\u00edsla acredita que, sem isso, n\u00e3o teria sido poss\u00edvel para ela se manter no curso.<\/p>\n<p>Outra vantagem que ela destaca \u00e9 a sensa\u00e7\u00e3o de acolhimento, proporcionada tanto pelos profissionais que fazem parte do projeto quanto pela estrutura f\u00edsica do Acender. Para o futuro, Ta\u00edsla pretende continuar se dedicando aos estudos e avan\u00e7ando na sua evolu\u00e7\u00e3o profissional. Seu desejo \u00e9 fazer outros cursos, como o de ingl\u00eas, que ela acredita que ser\u00e1 muito importante para lhe abrir novas portas no mercado de trabalho.<\/p>\n<\/div>\n<\/div>\n<\/div>\n<div class=\"card shadow mt-4\">\n<div class=\"card-body d-lg-flex gap-3\">\n<div class=\"mb-4 mb-lg-0\"><img decoding=\"async\" class=\"img-fluid\" style=\"width: 500px;\" src=\"https:\/\/www.acelen.com.br\/img\/paginas\/avancos-04.jpg\" alt=\"Eliz\u00e2ngela\" \/><\/div>\n<div class=\"w-100\">\n<h4 class=\"border-bottom text-primary pb-4 mb-4\">A For\u00e7a Ancestral e a Lideran\u00e7a de Eliz\u00e2ngela<\/h4>\n<p>A hist\u00f3ria de Eliz\u00e2ngela \u00e9, em suas pr\u00f3prias palavras, uma &#8220;hist\u00f3ria de guerra&#8221; e de sobreviv\u00eancia. Desde os 12 anos, sua vida foi forjada na ro\u00e7a, na mar\u00e9 e no manguezal, trabalhando duro para tirar ostras, pescar siri, fazer farinha e azeite de dend\u00ea ao lado de seus familiares.<\/p>\n<p>Hoje, tendo superado essas lutas, ela atua como presidente da associa\u00e7\u00e3o do Quilombo do Monte e faz parte da escolinha de futebol e do grupo do CCC. Foi atrav\u00e9s de amigos e de um curso de lideran\u00e7a que ela foi convidada para um di\u00e1logo social, o que abriu portas para a lideran\u00e7a comunit\u00e1ria e a conectou ao Acelera Pesca.<\/p>\n<p>O programa trouxe impactos profundos em sua vida, gerando conhecimento e aprendizado que hoje ela repassa para seus filhos e para toda a comunidade, al\u00e9m de dar grande visibilidade \u00e0 sua associa\u00e7\u00e3o.<\/p>\n<p>Para o futuro, Eliz\u00e2ngela deseja que as pr\u00f3ximas gera\u00e7\u00f5es tenham o mesmo prazer que ela teve ao vivenciar os programas do Acelen Acender. Ela celebra a oportunidade in\u00e9dita de realizar sonhos e projetos comunit\u00e1rios gra\u00e7as \u00e0 abrang\u00eancia da iniciativa, que hoje apoia associa\u00e7\u00f5es e ONGs em locais como S\u00e3o Francisco do Conde, Candeias e Madre de Deus e ilhas de Salvador.<\/p>\n<\/div>\n<\/div>\n<\/div>\n<div class=\"card shadow mt-4\">\n<div class=\"card-body d-lg-flex gap-3\">\n<div class=\"mb-4 mb-lg-0\"><img decoding=\"async\" class=\"img-fluid\" style=\"width: 500px;\" src=\"https:\/\/www.acelen.com.br\/img\/paginas\/avancos-03.jpg\" alt=\"Diana\" \/><\/div>\n<div class=\"w-100\">\n<h4 class=\"border-bottom text-primary pb-4 mb-4\">O Desejo Realizado de Diana<\/h4>\n<p>Por tr\u00e1s da hist\u00f3ria de Diana com o projeto, h\u00e1 um relato familiar comovente: Luka, seu filho, escreveu uma cartinha para o Natal Solid\u00e1rio, uma iniciativa da Acelen em parceria com a Igreja Batista que presenteia crian\u00e7as das comunidades.<\/p>\n<p>Na carta, o filho desejava que a m\u00e3e, na \u00e9poca desempregada, conquistasse uma nova coloca\u00e7\u00e3o no mercado de trabalho. A carta de Luka foi lida e, em julho, Diana foi convidada a participar da sele\u00e7\u00e3o para trabalhar no espa\u00e7o do Acelen Acender, sendo selecionada em seguida.<\/p>\n<p>Os impactos dessa conquista foram transformadores para toda a fam\u00edlia: com o novo trabalho, Diana conseguiu reformar sua casa e construiu amizades importantes, que levar\u00e1 para toda a vida. Al\u00e9m disso, suas filhas entraram para o projeto atrav\u00e9s dos programas Jornada Jovem e Jovens Conectados, e uma delas chegou a atuar como mobilizadora social em uma pesquisa para a Dutovia.<\/p>\n<p>Olhando para o amanh\u00e3, Diana mant\u00e9m o foco em continuar trabalhando e aprimorando seus conhecimentos na \u00e1rea industrial. Seu maior objetivo no futuro \u00e9 seguir incentivando e ajudando os filhos nos estudos para que eles possam ingressar em uma faculdade.<\/p>\n<\/div>\n<\/div>\n<\/div>\n<div class=\"card shadow mt-4\">\n<div class=\"card-body d-lg-flex gap-3\">\n<div class=\"mb-4 mb-lg-0\"><img decoding=\"async\" class=\"img-fluid\" style=\"width: 500px;\" src=\"https:\/\/www.acelen.com.br\/img\/paginas\/avancos-07.jpg\" alt=\"Marcio\" \/><\/div>\n<div class=\"w-100\">\n<h4 class=\"border-bottom text-primary pb-4 mb-4\">O Crescimento Empreendedor de Marcio<\/h4>\n<p>Marcio encontrou no Acelen Acender a alavanca que precisava para impulsionar seu neg\u00f3cio. Ele conheceu a iniciativa quando foi convidado a participar do Rede de Valor, o programa do Acelen Acender que incentiva o fortalecimento de empresas da regi\u00e3o.<\/p>\n<p>Durante os treinamentos, ele conheceu outros empreendedores e percebeu o compromisso genu\u00edno do projeto em criar oportunidades reais para fornecedores locais. O impacto para Marcio e sua fam\u00edlia foi imediato, atrav\u00e9s da gera\u00e7\u00e3o de novas oportunidades de trabalho. Conectado \u00e0 AVSI por meio do espa\u00e7o Acender, sua empresa, a Essi Engenharia, passou a prestar diversos servi\u00e7os, como manuten\u00e7\u00e3o de ar-condicionado, el\u00e9trica e pintura. Esse avan\u00e7o trouxe para Marcio seguran\u00e7a financeira para investir no crescimento do neg\u00f3cio e garantir o bem-estar de sua fam\u00edlia.<\/p>\n<p>Hoje, ele projeta para si um futuro pr\u00f3spero, com ganhos coletivos. Marcio imagina a ESSI Engenharia crescendo, gerando mais empregos e participando de projetos vitais na regi\u00e3o, provando que empresas locais possuem total capacidade t\u00e9cnica para atender grandes demandas quando recebem a oportunidade de mostrar seu valor.<\/p>\n<\/div>\n<\/div>\n<\/div>\n","protected":false},"excerpt":{"rendered":"<p>H\u00e1 3 anos, o Acelen Acender vem construindo uma hist\u00f3ria de avan\u00e7os junto com [&hellip;]<\/p>\n","protected":false},"author":3,"featured_media":1052,"comment_status":"closed","ping_status":"open","sticky":false,"template":"","format":"standard","meta":{"inline_featured_image":false,"footnotes":""},"categories":[20],"tags":[],"class_list":["post-1029","post","type-post","status-publish","format-standard","has-post-thumbnail","hentry","category-paginas"],"_links":{"self":[{"href":"https:\/\/www.acelen.com.br\/2022\/wp-json\/wp\/v2\/posts\/1029","targetHints":{"allow":["GET"]}}],"collection":[{"href":"https:\/\/www.acelen.com.br\/2022\/wp-json\/wp\/v2\/posts"}],"about":[{"href":"https:\/\/www.acelen.com.br\/2022\/wp-json\/wp\/v2\/types\/post"}],"author":[{"embeddable":true,"href":"https:\/\/www.acelen.com.br\/2022\/wp-json\/wp\/v2\/users\/3"}],"replies":[{"embeddable":true,"href":"https:\/\/www.acelen.com.br\/2022\/wp-json\/wp\/v2\/comments?post=1029"}],"version-history":[{"count":21,"href":"https:\/\/www.acelen.com.br\/2022\/wp-json\/wp\/v2\/posts\/1029\/revisions"}],"predecessor-version":[{"id":1051,"href":"https:\/\/www.acelen.com.br\/2022\/wp-json\/wp\/v2\/posts\/1029\/revisions\/1051"}],"wp:featuredmedia":[{"embeddable":true,"href":"https:\/\/www.acelen.com.br\/2022\/wp-json\/wp\/v2\/media\/1052"}],"wp:attachment":[{"href":"https:\/\/www.acelen.com.br\/2022\/wp-json\/wp\/v2\/media?parent=1029"}],"wp:term":[{"taxonomy":"category","embeddable":true,"href":"https:\/\/www.acelen.com.br\/2022\/wp-json\/wp\/v2\/categories?post=1029"},{"taxonomy":"post_tag","embeddable":true,"href":"https:\/\/www.acelen.com.br\/2022\/wp-json\/wp\/v2\/tags?post=1029"}],"curies":[{"name":"wp","href":"https:\/\/api.w.org\/{rel}","templated":true}]}}