{"id":1011,"date":"2026-08-03T13:27:36","date_gmt":"2026-08-03T16:27:36","guid":{"rendered":"https:\/\/www.acelen.com.br\/2022\/?p=1011"},"modified":"2026-08-03T15:58:10","modified_gmt":"2026-08-03T18:58:10","slug":"acelen-acender-completa-tres-anos-com-768-pessoas-beneficiadas-e-reforca-compromisso-com-as-comunidades-do-entorno","status":"publish","type":"post","link":"https:\/\/www.acelen.com.br\/2022\/novidades\/2026\/08\/03\/acelen-acender-completa-tres-anos-com-768-pessoas-beneficiadas-e-reforca-compromisso-com-as-comunidades-do-entorno\/","title":{"rendered":"Acelen Acender completa tr\u00eas anos com 768 pessoas beneficiadas e refor\u00e7a compromisso com as comunidades do entorno"},"content":{"rendered":"<p>&nbsp;<\/p>\n<p>&nbsp;<\/p>\n<p><i><span style=\"font-weight: 400;\">\u00danico equipamento social mantido por uma refinaria no Brasil, o Acelen Acender j\u00e1 recebeu mais de R$ 6 milh\u00f5es em investimentos e soma mais de 2,1 mil horas de aula em seus programas de qualifica\u00e7\u00e3o<\/span><\/i><\/p>\n<p><span style=\"font-weight: 400;\">A Refinaria de Mataripe \u00e9 a <\/span><b>\u00fanica refinaria do Brasil que possui um equipamento social privado voltado \u00e0 forma\u00e7\u00e3o, inclus\u00e3o socioprodutiva e fortalecimento das comunidades do seu entorno<\/b><span style=\"font-weight: 400;\">. \u00c9 essa a marca do Acelen Acender, que completa tr\u00eas anos de atua\u00e7\u00e3o em 2026 e se consolida como uma das principais frentes de relacionamento social da Acelen com os munic\u00edpios vizinhos \u00e0 refinaria e express\u00e3o do compromisso com o desenvolvimento das comunidades onde a companhia est\u00e1 presente.<\/span><\/p>\n<p><span style=\"font-weight: 400;\">Criado em 3 de agosto de 2023 em parceria com a Funda\u00e7\u00e3o Banco do Brasil e a AVSI Brasil, e hoje mantido integralmente pela Acelen, o espa\u00e7o nasceu como uma extens\u00e3o comunit\u00e1ria do Centro de Excel\u00eancia em Educa\u00e7\u00e3o Acelen (Acender), que funciona desde 2022 dentro da Refinaria de Mataripe, em S\u00e3o Francisco do Conde (BA), com foco na forma\u00e7\u00e3o e desenvolvimento dos colaboradores.\u00a0\u00a0<\/span><\/p>\n<p><span style=\"font-weight: 400;\">Localizado em Candeias (BA), o Acelen Acender re\u00fane iniciativas voltadas \u00e0 qualifica\u00e7\u00e3o profissional, ao fortalecimento de organiza\u00e7\u00f5es da sociedade civil e ao desenvolvimento territorial. A iniciativa est\u00e1 estruturada em tr\u00eas programas: o Jornada Jovem Acelen, que prepara jovens para a transi\u00e7\u00e3o entre a escola e o mundo do trabalho por meio de cursos como Jornada Jovem e Jovens Conectados; o Acelera OSC, que fortalece organiza\u00e7\u00f5es sociais locais com capacita\u00e7\u00e3o, mentoria, assist\u00eancia t\u00e9cnica e apoio ao desenvolvimento de projetos, incluindo iniciativas como Acelera Pesca e Mentoria Acelen Incentiva; e o Rede de Valor, que fomenta o empreendedorismo local e o voluntariado corporativo.\u00a0<\/span><\/p>\n<p><span style=\"font-weight: 400;\">Em 2026, o portf\u00f3lio foi ampliado com as Oficinas Acelen Acender, com temas como Introdu\u00e7\u00e3o \u00e0 Intelig\u00eancia Artificial e Elabora\u00e7\u00e3o de Projetos Sociais. Juntas, estas iniciativas j\u00e1 beneficiaram diretamente 768 pessoas entre jovens, pescadores, marisqueiras e representantes de organiza\u00e7\u00f5es da sociedade civil, como <\/span><b>Adriel dos Santos, de 21 anos, que participou do Jornada Jovem em 2024<\/b><span style=\"font-weight: 400;\">. \u201cEu fui abra\u00e7ado por todos do curso. Me estenderam a m\u00e3o, me deram uma nova vis\u00e3o sobre mercado de trabalho, sobre como me comportar em uma entrevista de emprego. Eu achei que seria s\u00f3 mais um curso, mas o Jornada Jovem me fez evoluir profissionalmente e tamb\u00e9m pessoalmente\u201d, conta.<\/span><\/p>\n<p><span style=\"font-weight: 400;\">O sentimento de crescimento e profissionaliza\u00e7\u00e3o \u00e9 compartilhado por <\/span><b>Elis\u00e2ngela Alves, de 48 anos<\/b><span style=\"font-weight: 400;\">, presidente da Associa\u00e7\u00e3o Quilombola Tamarar\u00ed, que participou da edi\u00e7\u00e3o de 2025 do Acelera OSC. \u201cFoi a primeira experi\u00eancia que tivemos com a Acelen, e posso dizer que foi muito bom para a nossa associa\u00e7\u00e3o. Tivemos uma grande troca de conhecimento, que contribuiu para melhorar a nossa atua\u00e7\u00e3o. Tamb\u00e9m nos deu visibilidade e trouxe resultados positivos para a nossa comunidade\u201d, diz.<\/span><\/p>\n<p><span style=\"font-weight: 400;\">Ao longo dos tr\u00eas anos, a Acelen j\u00e1 destinou mais de R$ 6 milh\u00f5es ao Acelen Acender. S\u00f3 neste in\u00edcio de 2026, o espa\u00e7o j\u00e1 ofereceu mais de 150 horas de aula. No total dos programas, j\u00e1 foram ministradas mais de 2,1 mil horas de aula. \u201cO Acelen Acender mostrou como a articula\u00e7\u00e3o entre empresa, organiza\u00e7\u00f5es da sociedade civil e comunidades amplia oportunidades para as pessoas. A educa\u00e7\u00e3o, aliada ao fortalecimento das capacidades locais, cria condi\u00e7\u00f5es para que cada pessoa realize seu potencial e contribua para o crescimento de suas comunidades. \u00c9 essa vis\u00e3o que orienta a atua\u00e7\u00e3o da AVSI Brasil e est\u00e1 presente tamb\u00e9m nesta iniciativa\u201d, destaca Fabrizio Pellicelli, presidente da AVSI Brasil.<\/span><\/p>\n<p>&nbsp;<\/p>\n<p><strong>Relev\u00e2ncia reconhecida pelas comunidades<\/strong><\/p>\n<p><span style=\"font-weight: 400;\">Mais do que n\u00fameros, o Acelen Acender se consolidou como uma refer\u00eancia nos territ\u00f3rios onde a Acelen est\u00e1 presente. Uma pesquisa realizada em 2025 com 51 lideran\u00e7as comunit\u00e1rias dos Conselhos Comunit\u00e1rios Consultivos (CCCs) mostrou que 96% dos entrevistados consideram o Acelen Acender \u201cimportante\u201d ou \u201cmuito importante\u201d. Al\u00e9m disso, os dados apontaram que 90% aprovam o relacionamento da empresa com as comunidades, resultado que refor\u00e7a a percep\u00e7\u00e3o positiva do projeto junto \u00e0 popula\u00e7\u00e3o do entorno.<\/span><\/p>\n<p><span style=\"font-weight: 400;\">\u201cA Acelen \u00e9 a \u00fanica refinaria do pa\u00eds com um centro como este, e isso n\u00e3o \u00e9 por acaso: \u00e9 reflexo de uma estrat\u00e9gia de desenvolvimento territorial que colocamos no centro da nossa atua\u00e7\u00e3o. O Acelen Acender \u00e9 hoje um s\u00edmbolo de como conseguimos unir transi\u00e7\u00e3o energ\u00e9tica e transforma\u00e7\u00e3o social em um mesmo territ\u00f3rio\u201d, afirma Marcelo Lyra, vice-presidente de Rela\u00e7\u00f5es Institucionais, Comunica\u00e7\u00e3o, ESG e Desenvolvimento Territorial da Acelen.<\/span><\/p>\n<p><span style=\"font-weight: 400;\">Para Jo\u00e3o Raful, vice-presidente de Recursos Humanos e Responsabilidade Social da Acelen, o espa\u00e7o representa o compromisso de investir em educa\u00e7\u00e3o para gerar oportunidades reais. \u201cEm tr\u00eas anos, avan\u00e7amos com novos programas, sempre ouvindo as demandas das comunidades por meio dos nossos Conselhos Comunit\u00e1rios Consultivos. Os n\u00fameros de aprova\u00e7\u00e3o e confian\u00e7a comprovam que o Acelen Acender \u00e9 sentido pela popula\u00e7\u00e3o como um projeto que transforma vidas. Mais do que capacita\u00e7\u00e3o t\u00e9cnica, entregamos autonomia, protagonismo e novas perspectivas de futuro.\u201d<\/span><\/p>\n<p>&nbsp;<\/p>\n<p>&nbsp;<\/p>\n","protected":false},"excerpt":{"rendered":"<p>&nbsp; &nbsp; \u00danico equipamento social mantido por uma refinaria no Brasil, o Acelen Acender [&hellip;]<\/p>\n","protected":false},"author":5,"featured_media":1014,"comment_status":"closed","ping_status":"open","sticky":false,"template":"","format":"standard","meta":{"inline_featured_image":false,"footnotes":""},"categories":[18],"tags":[],"class_list":["post-1011","post","type-post","status-publish","format-standard","has-post-thumbnail","hentry","category-novidades"],"_links":{"self":[{"href":"https:\/\/www.acelen.com.br\/2022\/wp-json\/wp\/v2\/posts\/1011","targetHints":{"allow":["GET"]}}],"collection":[{"href":"https:\/\/www.acelen.com.br\/2022\/wp-json\/wp\/v2\/posts"}],"about":[{"href":"https:\/\/www.acelen.com.br\/2022\/wp-json\/wp\/v2\/types\/post"}],"author":[{"embeddable":true,"href":"https:\/\/www.acelen.com.br\/2022\/wp-json\/wp\/v2\/users\/5"}],"replies":[{"embeddable":true,"href":"https:\/\/www.acelen.com.br\/2022\/wp-json\/wp\/v2\/comments?post=1011"}],"version-history":[{"count":5,"href":"https:\/\/www.acelen.com.br\/2022\/wp-json\/wp\/v2\/posts\/1011\/revisions"}],"predecessor-version":[{"id":1018,"href":"https:\/\/www.acelen.com.br\/2022\/wp-json\/wp\/v2\/posts\/1011\/revisions\/1018"}],"wp:featuredmedia":[{"embeddable":true,"href":"https:\/\/www.acelen.com.br\/2022\/wp-json\/wp\/v2\/media\/1014"}],"wp:attachment":[{"href":"https:\/\/www.acelen.com.br\/2022\/wp-json\/wp\/v2\/media?parent=1011"}],"wp:term":[{"taxonomy":"category","embeddable":true,"href":"https:\/\/www.acelen.com.br\/2022\/wp-json\/wp\/v2\/categories?post=1011"},{"taxonomy":"post_tag","embeddable":true,"href":"https:\/\/www.acelen.com.br\/2022\/wp-json\/wp\/v2\/tags?post=1011"}],"curies":[{"name":"wp","href":"https:\/\/api.w.org\/{rel}","templated":true}]}}